{"id":431,"date":"2025-10-11T15:05:08","date_gmt":"2025-10-11T13:05:08","guid":{"rendered":"https:\/\/perignymusique.fr\/?p=431"},"modified":"2025-10-16T15:35:03","modified_gmt":"2025-10-16T13:35:03","slug":"concert-de-fin-dannee-2025","status":"publish","type":"post","link":"https:\/\/perignymusique.fr\/index.php\/2025\/10\/11\/concert-de-fin-dannee-2025\/","title":{"rendered":"Concert de fin d&#8217;ann\u00e9e 2025"},"content":{"rendered":"\n<p>La rentr\u00e9e a d\u00e9j\u00e0 fil\u00e9 et les cours ont repris tranquillement avec les nouveaut\u00e9s de <a href=\"https:\/\/perignymusique.fr\/index.php\/2025\/06\/26\/actualites-pour-la-rentree-2025-2026\/\">l&#8217;actualit\u00e9<\/a>. Les vacances de la Toussaint \ud83d\udc7b\ud83c\udf83 se profilent pour une pause du 20 au 31 octobre. On compte sur les \u00e9l\u00e8ves &#8211; enfants et adultes &#8211; pour r\u00e9p\u00e9ter les morceaux anciens et nouveaux.<\/p>\n\n\n\n<p>Les prochains concerts s&#8217;organisent \u00e0 l&#8217;\u00e9cole de musique \u2699\ufe0f On vous annonce le concert acoustique de fin d&#8217;ann\u00e9e 2025 pour le <strong>samedi 20 d\u00e9cembre<\/strong> \u00e0 partir de 18h. Traditionnel concert avec les ensembles de musique acoustique : percussions, violons, ukul\u00e9l\u00e9s, harpes, guitares, accord\u00e9ons, saxophones, piano \ud83c\udfb6 Rendez-vous au CMA (Centre Municipal d&#8217;Animation). Places assises, buvette et petite restauration sur place. Au plaisir de jouer ensemble et de partager un moment musical avec le plus grand nombre \u2b50<\/p>\n\n\n\n<figure class=\"wp-block-image aligncenter size-large\"><img loading=\"lazy\" decoding=\"async\" width=\"724\" height=\"1024\" src=\"https:\/\/perignymusique.fr\/wp-content\/uploads\/2025\/10\/20251220_Concert_CMA_EcoleMusiquePerigny-1-724x1024.png\" alt=\"\" class=\"wp-image-435\" srcset=\"https:\/\/perignymusique.fr\/wp-content\/uploads\/2025\/10\/20251220_Concert_CMA_EcoleMusiquePerigny-1-724x1024.png 724w, https:\/\/perignymusique.fr\/wp-content\/uploads\/2025\/10\/20251220_Concert_CMA_EcoleMusiquePerigny-1-212x300.png 212w, https:\/\/perignymusique.fr\/wp-content\/uploads\/2025\/10\/20251220_Concert_CMA_EcoleMusiquePerigny-1-768x1086.png 768w, https:\/\/perignymusique.fr\/wp-content\/uploads\/2025\/10\/20251220_Concert_CMA_EcoleMusiquePerigny-1-1086x1536.png 1086w, https:\/\/perignymusique.fr\/wp-content\/uploads\/2025\/10\/20251220_Concert_CMA_EcoleMusiquePerigny-1.png 1414w\" sizes=\"auto, (max-width: 724px) 100vw, 724px\" \/><\/figure>\n","protected":false},"excerpt":{"rendered":"<p>La rentr\u00e9e a d\u00e9j\u00e0 fil\u00e9 et les cours ont repris tranquillement avec les nouveaut\u00e9s de l&#8217;actualit\u00e9. Les vacances de la Toussaint \ud83d\udc7b\ud83c\udf83 se profilent pour une pause du 20 au 31 octobre. On compte sur les \u00e9l\u00e8ves &#8211; enfants et adultes &#8211; pour r\u00e9p\u00e9ter les morceaux anciens et nouveaux. Les prochains concerts s&#8217;organisent \u00e0 l&#8217;\u00e9cole [&hellip;]<\/p>\n","protected":false},"author":1,"featured_media":434,"comment_status":"closed","ping_status":"open","sticky":false,"template":"","format":"standard","meta":{"site-container-style":"default","site-container-layout":"default","site-sidebar-layout":"default","disable-article-header":"default","disable-site-header":"default","disable-site-footer":"default","disable-content-area-spacing":"default","footnotes":""},"categories":[11],"tags":[18,27],"class_list":["post-431","post","type-post","status-publish","format-standard","has-post-thumbnail","hentry","category-concert","tag-musique-actuelle","tag-rentree-2025-2026"],"_links":{"self":[{"href":"https:\/\/perignymusique.fr\/index.php\/wp-json\/wp\/v2\/posts\/431","targetHints":{"allow":["GET"]}}],"collection":[{"href":"https:\/\/perignymusique.fr\/index.php\/wp-json\/wp\/v2\/posts"}],"about":[{"href":"https:\/\/perignymusique.fr\/index.php\/wp-json\/wp\/v2\/types\/post"}],"author":[{"embeddable":true,"href":"https:\/\/perignymusique.fr\/index.php\/wp-json\/wp\/v2\/users\/1"}],"replies":[{"embeddable":true,"href":"https:\/\/perignymusique.fr\/index.php\/wp-json\/wp\/v2\/comments?post=431"}],"version-history":[{"count":2,"href":"https:\/\/perignymusique.fr\/index.php\/wp-json\/wp\/v2\/posts\/431\/revisions"}],"predecessor-version":[{"id":436,"href":"https:\/\/perignymusique.fr\/index.php\/wp-json\/wp\/v2\/posts\/431\/revisions\/436"}],"wp:featuredmedia":[{"embeddable":true,"href":"https:\/\/perignymusique.fr\/index.php\/wp-json\/wp\/v2\/media\/434"}],"wp:attachment":[{"href":"https:\/\/perignymusique.fr\/index.php\/wp-json\/wp\/v2\/media?parent=431"}],"wp:term":[{"taxonomy":"category","embeddable":true,"href":"https:\/\/perignymusique.fr\/index.php\/wp-json\/wp\/v2\/categories?post=431"},{"taxonomy":"post_tag","embeddable":true,"href":"https:\/\/perignymusique.fr\/index.php\/wp-json\/wp\/v2\/tags?post=431"}],"curies":[{"name":"wp","href":"https:\/\/api.w.org\/{rel}","templated":true}]}}