{"id":422,"date":"2025-06-26T11:41:02","date_gmt":"2025-06-26T09:41:02","guid":{"rendered":"https:\/\/perignymusique.fr\/?p=422"},"modified":"2025-06-26T16:40:19","modified_gmt":"2025-06-26T14:40:19","slug":"actualites-pour-la-rentree-2025-2026","status":"publish","type":"post","link":"https:\/\/perignymusique.fr\/index.php\/2025\/06\/26\/actualites-pour-la-rentree-2025-2026\/","title":{"rendered":"Actualit\u00e9s pour la rentr\u00e9e 2025-2026"},"content":{"rendered":"\n<p>\ud83c\udfb5 <strong>Bonnes vacances \u00e0 toutes et \u00e0 tous !<\/strong> \ud83c\udf1e<\/p>\n\n\n\n<p>L\u2019\u00e9quipe de l\u2019\u00c9cole de Musique de P\u00e9rigny souhaite de <strong>tr\u00e8s belles vacances d\u2019\u00e9t\u00e9<\/strong> \u00e0 tous ses \u00e9l\u00e8ves, petits et grands, ainsi qu\u2019\u00e0 nos formidables professeurs !<br>Merci pour cette belle ann\u00e9e musicale pleine de d\u00e9couvertes, de progr\u00e8s et de sourires. \ud83d\udc96<\/p>\n\n\n\n<p>Pour les inscriptions \u00e7a se passe sur <a href=\"https:\/\/perignymusique.fr\/index.php\/inscription\/\">la page Inscription<\/a><\/p>\n\n\n\n<hr class=\"wp-block-separator has-alpha-channel-opacity\"\/>\n\n\n\n<p><strong>\ud83c\udfbc Rendez-vous \u00e0 la rentr\u00e9e avec des nouveaut\u00e9s ! \ud83c\udfbc<\/strong><\/p>\n\n\n\n<p>\ud83d\udcc5 <strong>Reprise des cours : lundi 8 septembre 2025<\/strong><\/p>\n\n\n\n<p>La rentr\u00e9e 2025 s\u2019annonce riche en nouveaut\u00e9s ! Voici ce qui vous attend d\u00e8s septembre :<\/p>\n\n\n\n<p>\ud83c\udfbb <strong>Nouvelle classe de violoncelle<\/strong><br>Envie de d\u00e9couvrir cet instrument \u00e0 la sonorit\u00e9 chaleureuse ? Rejoignez notre nouvelle classe !<\/p>\n\n\n\n<p>\ud83c\udf31 <strong>Jardin des Mini Maestro<\/strong> (4-5 ans)<br>Une initiation \u00e0 la musique ludique et sensorielle, sp\u00e9cialement pens\u00e9e pour les plus jeunes.<br>\ud83d\udd5a <strong>Tous les samedis de 11h \u00e0 11h45<\/strong><\/p>\n\n\n\n<p>\ud83c\udfb7 <strong>Atelier Jazz Junior<\/strong><br>Pour les jeunes musiciens curieux de swing et d\u2019improvisation !<br>(Horaire en cours de d\u00e9finition)<\/p>\n\n\n\n<p>\ud83d\udc68\u200d\ud83d\udc69\u200d\ud83d\udc67\u200d\ud83d\udc66 <strong>Semaine Rencontre Parents-Professeurs<\/strong><br>Un temps privil\u00e9gi\u00e9 pour \u00e9changer avec les enseignants.<br>\ud83d\udcce <em>Toutes les infos pratiques dans la pi\u00e8ce jointe \u00e0 ce post !<\/em><\/p>\n\n\n\n<div data-wp-interactive=\"core\/file\" class=\"wp-block-file\"><object data-wp-bind--hidden=\"!state.hasPdfPreview\" hidden class=\"wp-block-file__embed\" data=\"https:\/\/perignymusique.fr\/wp-content\/uploads\/2025\/06\/Rencontre-Parents-Professeurs-annee-2025-2026.pdf\" type=\"application\/pdf\" style=\"width:100%;height:610px\" aria-label=\"Embed of Rencontre Parents-Professeurs ann\u00e9e 2025-2026.\"><\/object><a id=\"wp-block-file--media-26f59039-301e-4447-97d5-ebdae469cde1\" href=\"https:\/\/perignymusique.fr\/wp-content\/uploads\/2025\/06\/Rencontre-Parents-Professeurs-annee-2025-2026.pdf\">Rencontre Parents-Professeurs ann\u00e9e 2025-2026<\/a><a href=\"https:\/\/perignymusique.fr\/wp-content\/uploads\/2025\/06\/Rencontre-Parents-Professeurs-annee-2025-2026.pdf\" class=\"wp-block-file__button wp-element-button\" download aria-describedby=\"wp-block-file--media-26f59039-301e-4447-97d5-ebdae469cde1\">T\u00e9l\u00e9charger<\/a><\/div>\n\n\n\n<hr class=\"wp-block-separator has-alpha-channel-opacity\"\/>\n\n\n\n<p>\ud83d\udcf8 N\u2019h\u00e9sitez pas \u00e0 consulter notre <strong>galerie photo<\/strong> pour revivre les temps forts de l\u2019ann\u00e9e pass\u00e9e\u2026 et \u00e0 suivre notre site pour toutes les actus de la rentr\u00e9e !<\/p>\n\n\n\n<p>\ud83c\udfb6 Bon \u00e9t\u00e9 \u00e0 toutes et \u00e0 tous, et \u00e0 tr\u00e8s bient\u00f4t pour une nouvelle ann\u00e9e musicale pleine d\u2019\u00e9nergie et de plaisir ! \ud83c\udf1f<\/p>\n\n\n\n<p><\/p>\n","protected":false},"excerpt":{"rendered":"<p>\ud83c\udfb5 Bonnes vacances \u00e0 toutes et \u00e0 tous ! \ud83c\udf1e L\u2019\u00e9quipe de l\u2019\u00c9cole de Musique de P\u00e9rigny souhaite de tr\u00e8s belles vacances d\u2019\u00e9t\u00e9 \u00e0 tous ses \u00e9l\u00e8ves, petits et grands, ainsi qu\u2019\u00e0 nos formidables professeurs !Merci pour cette belle ann\u00e9e musicale pleine de d\u00e9couvertes, de progr\u00e8s et de sourires. \ud83d\udc96 Pour les inscriptions \u00e7a se [&hellip;]<\/p>\n","protected":false},"author":1,"featured_media":428,"comment_status":"open","ping_status":"open","sticky":false,"template":"","format":"standard","meta":{"site-container-style":"default","site-container-layout":"default","site-sidebar-layout":"default","disable-article-header":"default","disable-site-header":"default","disable-site-footer":"default","disable-content-area-spacing":"default","footnotes":""},"categories":[10],"tags":[27],"class_list":["post-422","post","type-post","status-publish","format-standard","has-post-thumbnail","hentry","category-actu","tag-rentree-2025-2026"],"_links":{"self":[{"href":"https:\/\/perignymusique.fr\/index.php\/wp-json\/wp\/v2\/posts\/422","targetHints":{"allow":["GET"]}}],"collection":[{"href":"https:\/\/perignymusique.fr\/index.php\/wp-json\/wp\/v2\/posts"}],"about":[{"href":"https:\/\/perignymusique.fr\/index.php\/wp-json\/wp\/v2\/types\/post"}],"author":[{"embeddable":true,"href":"https:\/\/perignymusique.fr\/index.php\/wp-json\/wp\/v2\/users\/1"}],"replies":[{"embeddable":true,"href":"https:\/\/perignymusique.fr\/index.php\/wp-json\/wp\/v2\/comments?post=422"}],"version-history":[{"count":2,"href":"https:\/\/perignymusique.fr\/index.php\/wp-json\/wp\/v2\/posts\/422\/revisions"}],"predecessor-version":[{"id":429,"href":"https:\/\/perignymusique.fr\/index.php\/wp-json\/wp\/v2\/posts\/422\/revisions\/429"}],"wp:featuredmedia":[{"embeddable":true,"href":"https:\/\/perignymusique.fr\/index.php\/wp-json\/wp\/v2\/media\/428"}],"wp:attachment":[{"href":"https:\/\/perignymusique.fr\/index.php\/wp-json\/wp\/v2\/media?parent=422"}],"wp:term":[{"taxonomy":"category","embeddable":true,"href":"https:\/\/perignymusique.fr\/index.php\/wp-json\/wp\/v2\/categories?post=422"},{"taxonomy":"post_tag","embeddable":true,"href":"https:\/\/perignymusique.fr\/index.php\/wp-json\/wp\/v2\/tags?post=422"}],"curies":[{"name":"wp","href":"https:\/\/api.w.org\/{rel}","templated":true}]}}