{"id":414,"date":"2025-05-29T13:27:26","date_gmt":"2025-05-29T11:27:26","guid":{"rendered":"https:\/\/perignymusique.fr\/?p=414"},"modified":"2025-05-29T13:31:20","modified_gmt":"2025-05-29T11:31:20","slug":"portes-ouvertes-du-2-au-7-juin-2025","status":"publish","type":"post","link":"https:\/\/perignymusique.fr\/index.php\/2025\/05\/29\/portes-ouvertes-du-2-au-7-juin-2025\/","title":{"rendered":"Portes Ouvertes du 2 au 7 juin 2025"},"content":{"rendered":"\n<p>Nous avons le plaisir de vous informer que notre \u00e9v\u00e8nement &#8220;Portes Ouvertes&#8221; se tiendra du lundi 2 au samedi 7 juin prochain.<\/p>\n\n\n\n<p>Cette semaine sera l&#8217;occasion de venir partager un moment convivial, en apprenant davantage sur nos activit\u00e9s.&nbsp;<\/p>\n\n\n\n<p>Vous pourrez \u00e9changer avec les professeurs, et faire d\u00e9couvrir notre structure \u00e0 vos proches.<\/p>\n\n\n\n<p>N&#8217;h\u00e9sitez pas \u00e0 venir accompagn\u00e9s !<\/p>\n\n\n\n<p>T\u00e9l\u00e9chargez le programme \ud83d\ude42<\/p>\n\n\n\n<figure class=\"wp-block-image size-large\"><img loading=\"lazy\" decoding=\"async\" width=\"724\" height=\"1024\" src=\"http:\/\/perignymusique.fr\/wp-content\/uploads\/2025\/05\/Planning-portes-ouvertes-2025-pdf-724x1024.jpg\" alt=\"\" class=\"wp-image-418\"\/><figcaption class=\"wp-element-caption\">Planning portes ouvertes 2025<\/figcaption><\/figure>\n\n\n\n<p>\u00c0 tr\u00e8s bient\u00f4t !<\/p>\n","protected":false},"excerpt":{"rendered":"<p>Nous avons le plaisir de vous informer que notre \u00e9v\u00e8nement &#8220;Portes Ouvertes&#8221; se tiendra du lundi 2 au samedi 7 juin prochain. Cette semaine sera l&#8217;occasion de venir partager un moment convivial, en apprenant davantage sur nos activit\u00e9s.&nbsp; Vous pourrez \u00e9changer avec les professeurs, et faire d\u00e9couvrir notre structure \u00e0 vos proches. N&#8217;h\u00e9sitez pas \u00e0 [&hellip;]<\/p>\n","protected":false},"author":1,"featured_media":415,"comment_status":"open","ping_status":"open","sticky":false,"template":"","format":"standard","meta":{"site-container-style":"default","site-container-layout":"default","site-sidebar-layout":"default","disable-article-header":"default","disable-site-header":"default","disable-site-footer":"default","disable-content-area-spacing":"default","footnotes":""},"categories":[10],"tags":[26],"class_list":["post-414","post","type-post","status-publish","format-standard","has-post-thumbnail","hentry","category-actu","tag-porte-ouverte-ecole-de-musique-perigny"],"_links":{"self":[{"href":"https:\/\/perignymusique.fr\/index.php\/wp-json\/wp\/v2\/posts\/414","targetHints":{"allow":["GET"]}}],"collection":[{"href":"https:\/\/perignymusique.fr\/index.php\/wp-json\/wp\/v2\/posts"}],"about":[{"href":"https:\/\/perignymusique.fr\/index.php\/wp-json\/wp\/v2\/types\/post"}],"author":[{"embeddable":true,"href":"https:\/\/perignymusique.fr\/index.php\/wp-json\/wp\/v2\/users\/1"}],"replies":[{"embeddable":true,"href":"https:\/\/perignymusique.fr\/index.php\/wp-json\/wp\/v2\/comments?post=414"}],"version-history":[{"count":2,"href":"https:\/\/perignymusique.fr\/index.php\/wp-json\/wp\/v2\/posts\/414\/revisions"}],"predecessor-version":[{"id":419,"href":"https:\/\/perignymusique.fr\/index.php\/wp-json\/wp\/v2\/posts\/414\/revisions\/419"}],"wp:featuredmedia":[{"embeddable":true,"href":"https:\/\/perignymusique.fr\/index.php\/wp-json\/wp\/v2\/media\/415"}],"wp:attachment":[{"href":"https:\/\/perignymusique.fr\/index.php\/wp-json\/wp\/v2\/media?parent=414"}],"wp:term":[{"taxonomy":"category","embeddable":true,"href":"https:\/\/perignymusique.fr\/index.php\/wp-json\/wp\/v2\/categories?post=414"},{"taxonomy":"post_tag","embeddable":true,"href":"https:\/\/perignymusique.fr\/index.php\/wp-json\/wp\/v2\/tags?post=414"}],"curies":[{"name":"wp","href":"https:\/\/api.w.org\/{rel}","templated":true}]}}